[{"@context":"https:\/\/schema.org\/","@type":"Article","@id":"https:\/\/www.zustan.cz\/co-obnasi-profesionalni-uklid-kancelari\/#Article","mainEntityOfPage":"https:\/\/www.zustan.cz\/co-obnasi-profesionalni-uklid-kancelari\/","headline":"Co obn\u00e1\u0161\u00ed profesion\u00e1ln\u00ed \u00faklid kancel\u00e1\u0159\u00ed","name":"Co obn\u00e1\u0161\u00ed profesion\u00e1ln\u00ed \u00faklid kancel\u00e1\u0159\u00ed","description":"Pamatujete se na film \u201eKulov\u00fd blesk\u201c z roku 1978? Objev\u00ed se tam cel\u00e1 \u0159ada komick\u00fdch moment\u016f a mezi nimi i pan\u00ed ukl\u00edze\u010dka M\u00e1\u0148a, kter\u00e1 ukl\u00edzela na OPBH, a poradila pan\u00ed Jechov\u00e9, aby si st\u011bhov\u00e1n\u00ed na posledn\u00ed chv\u00edli rozmyslela. Ukl\u00edze\u010dky skl\u00edzely... <a class=\"more-link\" href=\"https:\/\/www.zustan.cz\/co-obnasi-profesionalni-uklid-kancelari\/\"> Continue Reading &rarr;<\/a>","datePublished":"2023-06-27","dateModified":"2024-02-16","author":{"@type":"Person","@id":"https:\/\/www.zustan.cz\/author\/#Person","name":"","url":"https:\/\/www.zustan.cz\/author\/","identifier":1,"image":{"@type":"ImageObject","@id":"https:\/\/secure.gravatar.com\/avatar\/0dc285cbe86eecc8073f119fcb2e2c7032b51533f5bb47611c7d4a598558b8b7?s=96&d=mm&r=g","url":"https:\/\/secure.gravatar.com\/avatar\/0dc285cbe86eecc8073f119fcb2e2c7032b51533f5bb47611c7d4a598558b8b7?s=96&d=mm&r=g","height":96,"width":96}},"publisher":{"@type":"Organization","name":"zustan.cz","logo":{"@type":"ImageObject","@id":"\/logo.png","url":"\/logo.png","width":600,"height":60}},"image":{"@type":"ImageObject","@id":"https:\/\/www.zustan.cz\/wp-content\/uploads\/workplace-gb70ee849e_640.jpg","url":"https:\/\/www.zustan.cz\/wp-content\/uploads\/workplace-gb70ee849e_640.jpg","height":0,"width":0},"url":"https:\/\/www.zustan.cz\/co-obnasi-profesionalni-uklid-kancelari\/","about":["Web"],"wordCount":426,"articleBody":"      Pamatujete se na film \u201eKulov\u00fd blesk\u201c z roku 1978? Objev\u00ed se tam cel\u00e1 \u0159ada komick\u00fdch moment\u016f a mezi nimi i pan\u00ed ukl\u00edze\u010dka M\u00e1\u0148a, kter\u00e1 ukl\u00edzela na OPBH, a poradila pan\u00ed Jechov\u00e9, aby si st\u011bhov\u00e1n\u00ed na posledn\u00ed chv\u00edli rozmyslela. Ukl\u00edze\u010dky skl\u00edzely zejm\u00e9na za socialismu ve filmov\u00fdch rol\u00edch sp\u00ed\u0161e posm\u011bch, a to se tak\u00e9 mohlo prom\u00edtat do spole\u010dnosti, do obecn\u00e9ho n\u00e1zoru na tuto profesi. M\u00e1lokdo se tehdy chlubil t\u00edm, \u017ee si vyd\u011bl\u00e1v\u00e1 na \u017eivobyt\u00ed zrovna t\u00edmto zp\u016fsobem.Jen\u017ee od t\u00e9 doby uplynulo ji\u017e v\u00edce ne\u017e t\u0159icet let a  povaha a \u00faklidov\u00fdch prac\u00ed se v\u00fdrazn\u011b m\u011bn\u00ed. Jednak maj\u00ed sou\u010dasn\u00ed pracovn\u00edci k dispozici modern\u00ed technologie i \u010distic\u00ed prost\u0159edky, a pak se tak\u00e9 zm\u011bnil p\u0159\u00edstup k pr\u00e1ci. Profesion\u00e1ln\u00ed \u00faklidov\u00e9 firmy se postaraj\u00ed o rutinn\u00ed ka\u017edodenn\u00ed \u00faklid, ale i o n\u00e1razov\u00e9 akce, jako jsou \u00faklid a \u010di\u0161t\u011bn\u00ed prostor po mal\u00ed\u0159\u00edch, po rekonstrukci objektu, po st\u011bhov\u00e1n\u00ed \u010di po po\u017e\u00e1rech a dal\u0161\u00edch \u017eiveln\u00fdch pohrom\u00e1ch. Sv\u011b\u0159\u00edte-li \u00faklid kancel\u00e1\u0159\u00ed v Praze 10 https:\/\/www.modryzralok.cz\/uklid-kancelari-a-firem, jak\u00e9 pracovn\u00ed \u010dinnosti m\u016f\u017eete o\u010dek\u00e1vat?B\u011b\u017en\u00fd \u00faklid &#8211; t\u00edm se rozum\u00ed ut\u00edr\u00e1n\u00ed prachu, zbavov\u00e1n\u00ed povrch\u016f n\u00e1bytku ne\u010distot a mastnoty, \u010di\u0161t\u011bn\u00ed a \u00faklid toalet, um\u00fdv\u00e1ren, sprchov\u00fdch a kuchy\u0148sk\u00fdch kout\u016f.Vestibuly, chodby a schodi\u0161t\u011b \u2013 zde se tak\u00e9 mus\u00ed prov\u00e1d\u011bt odstra\u0148ov\u00e1n\u00ed ne\u010distot z podlahov\u00fdch krytin, z n\u00e1bytku \u010di spot\u0159ebi\u010d\u016f, jako jsou n\u00e1pojov\u00e9 automaty \u010di k\u00e1vovary.Myt\u00ed oken \u2013 toto se sice neprov\u00e1d\u00ed ka\u017ed\u00fd den, ale \u010dist\u00e1 okna jsou v\u017edy vizitkou spole\u010dnosti, a\u0165 u\u017e je v kontaktu se z\u00e1kazn\u00edky, nebo poskytuje r\u016fzn\u00e1 \u0161kolen\u00ed a prezentace pro ve\u0159ejnost. Um\u00fdv\u00e1n\u00ed oken ve v\u00fd\u0161kov\u00fdch budov\u00e1ch je tak\u00e9 pom\u011brn\u011b riskantn\u00ed a profesion\u00e1ln\u00ed \u00faklidov\u00e9 firmy dbaj\u00ed o zaji\u0161t\u011bn\u00ed bezpe\u010dnosti na prvn\u00edm m\u00edst\u011b.\u010ci\u0161t\u011bn\u00ed koberc\u016f \u2013 jsou-li v kancel\u00e1\u0159\u00edch k dispozici koberce, ty se mus\u00ed \u010distit minim\u00e1ln\u011b dvakr\u00e1t a\u017e t\u0159ikr\u00e1t do roka, proto\u017ee se po nich na\u0161lapuje v obuvi. Odstra\u0148ov\u00e1n\u00ed ne\u010distot v koberc\u00edch nedok\u00e1\u017ee pokr\u00fdt b\u011b\u017en\u00fd vysava\u010d a mus\u00ed se proces \u010di\u0161t\u011bn\u00ed prov\u00e1d\u011bt mokr\u00fdm zp\u016fsobem speci\u00e1ln\u00edmi \u010distic\u00edmi stroji.                                                                                                                                                                                                                                                                                                                                                                                           3.7\/5 - (6 votes)        "},{"@context":"https:\/\/schema.org\/","@type":"BreadcrumbList","itemListElement":[{"@type":"ListItem","position":1,"name":"Co obn\u00e1\u0161\u00ed profesion\u00e1ln\u00ed \u00faklid kancel\u00e1\u0159\u00ed","item":"https:\/\/www.zustan.cz\/co-obnasi-profesionalni-uklid-kancelari\/#breadcrumbitem"}]}]